{"id":2253,"date":"2023-11-14T09:53:07","date_gmt":"2023-11-14T08:53:07","guid":{"rendered":"https:\/\/gottes-kinder.de\/blog\/?p=2253"},"modified":"2023-11-14T09:53:07","modified_gmt":"2023-11-14T08:53:07","slug":"14-11-2023-neue-texte","status":"publish","type":"post","link":"https:\/\/gottes-kinder.de\/blog\/2023\/11\/14\/14-11-2023-neue-texte\/","title":{"rendered":"14.11.2023 &#8211; neue Texte"},"content":{"rendered":"<p>Auch wenn ich mich haupts\u00e4chlich um die Andachten k\u00fcmmere, kommt doch manchmal auch Neues in die Glaubensstimme &#8211; so wie heute. Und wie immer hoffe ich, Ihr findet etwas f\u00fcr Euch darin.<\/p>\n<p><strong>Zeugen Christi<\/strong><\/p>\n<p><a href=\"https:\/\/zeugen-christi.de\/2023\/11\/14\/maria-magdalena\/\">Maria Magdalena<\/A><br \/>\n<a href=\"https:\/\/zeugen-christi.de\/2023\/11\/14\/vincentius\/\">Vincentius<\/A><\/p>\n<p><strong>Andrew Murray<\/strong><\/p>\n<p><a href=\"https:\/\/glaubensstimme.de\/doku.php?id=autoren:m:murray:murray-der_geist_jesu_christi:murray_-_der_geist_jesu_christi_-_vorwort\">Murray, Andrew &#8211; Der Geist Jesu Christi &#8211; Vorwort.<\/A><\/p>\n<p><strong>Anselm von Canterbury<\/strong><\/p>\n<p><a href=\"https:\/\/glaubensstimme.de\/doku.php?id=autoren:a:anselm_von_canterbury:anselm-betrachtungen:anselm-buch_der_betrachtungen-11._betrachtung\">Anselm von Canterbury \u2013 Buch der Betrachtungen &#8211; Elfte Betrachtung. Von der Menschen Erl\u00f6sung.<\/A><\/p>\n<p><strong>Bonifatius<\/strong><\/p>\n<p><a href=\"https:\/\/glaubensstimme.de\/doku.php?id=autoren:b:bonifatius:start\">10 Briefe Bonifatius<\/A><\/p>\n<p><strong>Carl Nikolaus K\u00e4hler<\/strong><\/p>\n<p><a href=\"https:\/\/glaubensstimme.de\/doku.php?id=autoren:k:kaehler_c:kaehler_kolosserbrief_1_betrachtung\">K\u00e4hler, Carl Nikolaus &#8211; Auslegung der Epistel Pauli an die Kolosser in 36 Betrachtungen &#8211; 1. Betrachtung<\/A><\/p>\n<p><strong>Emil Wilhelm Krummacher<\/strong><\/p>\n<p><a href=\"https:\/\/glaubensstimme.de\/doku.php?id=autoren:k:krummacher_e:gideon:krummacher_emil_gideon_3_betrachtung\">Krummacher, Emil Wilhelm &#8211; Gideon, der Richter Israels &#8211; Dritte Betrachtung.<\/A><\/p>\n<p><strong>Ernst Friedrich Ball<\/strong><\/p>\n<p><a href=\"https:\/\/glaubensstimme.de\/doku.php?id=autoren:b:ball:ball-erloeser\">Ball, Ernst Friedrich &#8211; Ich wei\u00df, dass mein Erl\u00f6ser lebt!<\/A><\/p>\n<p><strong>Friedrich Luger<\/strong><\/p>\n<p><a href=\"https:\/\/glaubensstimme.de\/doku.php?id=autoren:l:luger:luger_der_brief_des_jakobus_vorwort\">Luger, Friedrich &#8211; Der Brief des Jakobus &#8211; Vorwort.<\/A><br \/>\n<a href=\"https:\/\/glaubensstimme.de\/doku.php?id=autoren:l:luger:luger_der_brief_des_jakobus_1._betrachtung\">Luger, Friedrich &#8211; Der Brief des Jakobus &#8211; Erste Betrachtung.<\/A><\/p>\n<p><strong>Georg Christian August Bomhard<\/strong><\/p>\n<p><a href=\"https:\/\/glaubensstimme.de\/doku.php?id=autoren:b:bomhard:bomhard-predigt_am_heiligen_karfreitag\">Bomhard, Georg Christian August &#8211; Predigt am heiligen Karfreitag<\/A><\/p>\n<p><strong>Gottfried Arnold<\/strong><\/p>\n<p><a href=\"https:\/\/alte-lieder.de\/category\/gottfried-arnold\/\">Alte Lieder &#8211; Gottfried Arnold 3 neue Lieder<\/A><\/p>\n<p><strong>Gottfried Daniel Krummacher<\/strong><\/p>\n<p><a href=\"https:\/\/glaubensstimme.de\/doku.php?id=autoren:k:krummacher_g.d:predigt_37\">Krummacher, Gottfried Daniel &#8211; Die Wanderungen Israels durch die W\u00fcste nach Kanaan (37 &#8211; Makehelot).<\/A><\/p>\n<p><strong>Gottfried Thomasius<\/strong><\/p>\n<p><a href=\"https:\/\/glaubensstimme.de\/doku.php?id=autoren:t:thomasius_g:zeugnisse:thomasius_zeugnisse_jubilate\">Thomasius, Gottfried &#8211; Am Sonntag Jubilate. Die Lebensf\u00fchrung.<\/A><\/p>\n<p><strong>Johannes Brenz<\/strong><\/p>\n<p><a href=\"https:\/\/glaubensstimme.de\/doku.php?id=autoren:b:brenz:evangelien-predigten:brenz_evangelienpredigten_1_advent\">Brenz, Johannes &#8211; Erster Advents-Sonntag.<\/A><br \/>\n<a href=\"https:\/\/glaubensstimme.de\/doku.php?id=autoren:b:brenz:evangelien-predigten:brenz_evangelienpredigten_2_advent\">Brenz, Johannes &#8211; Zweiter Advents-Sonntag.<\/A><br \/>\n<a href=\"https:\/\/glaubensstimme.de\/doku.php?id=autoren:b:brenz:evangelien-predigten:brenz_evangelienpredigten_trinitatis\">Brenz, Johannes &#8211; Sonntag Trinitatis.<\/A><\/p>\n<p><strong>Johannes Evangelista Gossner<\/strong><\/p>\n<p><a href=\"https:\/\/glaubensstimme.de\/doku.php?id=autoren:g:gossner:briefe_an_eine_leidende_freundin:start\">Gossner, Johannes Evangelista &#8211; Briefe an eine leidende Freundin &#8211; 7 Briefe<\/A><\/p>\n<p><strong>Johann Franck<\/strong><\/p>\n<p><a href=\"https:\/\/alte-lieder.de\/category\/franck-johann\/\">Alte Lieder &#8211; Johann Franck 4 Lieder<\/A><\/p>\n<p><strong>John Ross MacDuff<\/strong><\/p>\n<p><a href=\"https:\/\/glaubensstimme.de\/doku.php?id=autoren:m:macduff:macduff_die_gedanken_gottes:macduff_die_gedanken_gottes-13._tag\">MacDuff, John Ross &#8211; Die Gedanken Gottes &#8211; Wie k\u00f6stlich sind vor mir, Gott! Deine Gedanken. 13. Tag. Gen\u00fcgende Gnade.<\/A><\/p>\n<p><strong>Karl Burk<\/strong><\/p>\n<p><a href=\"https:\/\/glaubensstimme.de\/doku.php?id=autoren:b:burk_k:burk_karl_-_das_christentum_eine_sache_auch_der_maenner\">Burk, Karl &#8211; Das Christentum eine Sache auch der M\u00e4nner<\/A><br \/>\n<a href=\"https:\/\/glaubensstimme.de\/doku.php?id=autoren:b:burk_k:burk_karl_-_wer_waelzt_den_stein_von_des_grabes_tuer\">Burk, Carl &#8211; Wer w\u00e4lzt den Stein von des Grabes T\u00fcr?<\/A><\/p>\n<p><strong>Karl von Gerok<\/strong><\/p>\n<p><a href=\"https:\/\/glaubensstimme.de\/doku.php?id=autoren:g:gerok_k:gerok_der_heimat_zu:gerok_der_heimat_zu_11_nach_trinitatis\">Gerok, Karl &#8211; Der Heimat zu! &#8211; 11. nach Trinitatis.<\/A><\/p>\n<p><strong>Paul Eduard H\u00f6rschelmann<\/strong><\/p>\n<p><a href=\"https:\/\/glaubensstimme.de\/doku.php?id=autoren:h:hoerschelmann:hoerschelmann_-_1._advent\">H\u00f6rschelmann, Paul Eduard &#8211; Erster Advent. &#8211; Sieh, Dein K\u00f6nig kommt zu Dir sanftm\u00fctig<\/A><\/p>\n<p><strong>Sixtus Carl von Kapff<\/strong><\/p>\n<p><a href=\"https:\/\/glaubensstimme.de\/doku.php?id=autoren:k:kapff:kapff_rogate\">Kapff, Sixtus Carl von &#8211; Am Sonntag Rogate<\/A><\/p>\n","protected":false},"excerpt":{"rendered":"<p>Auch wenn ich mich haupts\u00e4chlich um die Andachten k\u00fcmmere, kommt doch manchmal auch Neues in die Glaubensstimme &#8211; so wie heute. Und wie immer hoffe ich, Ihr findet etwas f\u00fcr Euch darin. Zeugen Christi Maria Magdalena Vincentius Andrew Murray Murray, Andrew &#8211; Der Geist Jesu Christi &#8211; Vorwort. Anselm von Canterbury Anselm von Canterbury \u2013 [&hellip;]<\/p>\n","protected":false},"author":1,"featured_media":1879,"comment_status":"closed","ping_status":"closed","sticky":false,"template":"","format":"standard","meta":{"footnotes":""},"categories":[1206,658,1535,812,1523,1050,1500,1411,1119,1231,140,1455,1052,1024,1061,1449,1437,1499,1416,1410],"tags":[443,993,469,1173,507,1536,518,1514,1019,539,556,909,1537,1031,1180],"class_list":["post-2253","post","type-post","status-publish","format-standard","has-post-thumbnail","hentry","category-anselm-von-canterbury","category-arnold-gottfried","category-ball-ernst-friedrich","category-bomhard-georg-christian-august","category-bonifatius","category-brenz-johannes","category-burk-carl","category-francke-johann","category-frank-johann","category-gerok-karl-von","category-gossner-johannes-evangelista","category-hoerschelmann-paul","category-kaehler-carl-nikolaus","category-kapff-sixtus-carl-von","category-krummacher-emil-wilhelm","category-krummacher-gottfried-daniel","category-luger-friedrich-peter-ludwig","category-macduff-john","category-murray-andrew","category-thomasius-gottfried","tag-advent","tag-biographien","tag-briefe","tag-gideon","tag-heiliger-geist","tag-jakobusbrief","tag-karfreitag","tag-kolosserbrief","tag-lieder","tag-martyrer","tag-ostern","tag-predigten","tag-rogate","tag-trinitatis","tag-wuestenwanderung"],"_links":{"self":[{"href":"https:\/\/gottes-kinder.de\/blog\/wp-json\/wp\/v2\/posts\/2253"}],"collection":[{"href":"https:\/\/gottes-kinder.de\/blog\/wp-json\/wp\/v2\/posts"}],"about":[{"href":"https:\/\/gottes-kinder.de\/blog\/wp-json\/wp\/v2\/types\/post"}],"author":[{"embeddable":true,"href":"https:\/\/gottes-kinder.de\/blog\/wp-json\/wp\/v2\/users\/1"}],"replies":[{"embeddable":true,"href":"https:\/\/gottes-kinder.de\/blog\/wp-json\/wp\/v2\/comments?post=2253"}],"version-history":[{"count":1,"href":"https:\/\/gottes-kinder.de\/blog\/wp-json\/wp\/v2\/posts\/2253\/revisions"}],"predecessor-version":[{"id":2254,"href":"https:\/\/gottes-kinder.de\/blog\/wp-json\/wp\/v2\/posts\/2253\/revisions\/2254"}],"wp:featuredmedia":[{"embeddable":true,"href":"https:\/\/gottes-kinder.de\/blog\/wp-json\/wp\/v2\/media\/1879"}],"wp:attachment":[{"href":"https:\/\/gottes-kinder.de\/blog\/wp-json\/wp\/v2\/media?parent=2253"}],"wp:term":[{"taxonomy":"category","embeddable":true,"href":"https:\/\/gottes-kinder.de\/blog\/wp-json\/wp\/v2\/categories?post=2253"},{"taxonomy":"post_tag","embeddable":true,"href":"https:\/\/gottes-kinder.de\/blog\/wp-json\/wp\/v2\/tags?post=2253"}],"curies":[{"name":"wp","href":"https:\/\/api.w.org\/{rel}","templated":true}]}}