{"id":2241,"date":"2023-08-27T09:28:34","date_gmt":"2023-08-27T07:28:34","guid":{"rendered":"https:\/\/gottes-kinder.de\/blog\/?p=2241"},"modified":"2023-08-27T09:28:34","modified_gmt":"2023-08-27T07:28:34","slug":"27-08-2023","status":"publish","type":"post","link":"https:\/\/gottes-kinder.de\/blog\/2023\/08\/27\/27-08-2023\/","title":{"rendered":"27.08.2023"},"content":{"rendered":"<p>Und wieder biete ich Euch eine Reihe neuer Beitr\u00e4ge zu unterschiedlichen Themen in der Hoffnung, f\u00fcr Euch sei etwas dabei:<\/p>\n<p><strong>Adolf Clemen<\/strong><\/p>\n<p><A href=\"https:\/\/glaubensstimme.de\/doku.php?id=autoren:c:clemen_a:clemen_andachten:start\">Clemen, Adolf &#8211; Andachten erweitert<\/A><\/p>\n<p><strong>August Tholuck<\/strong><\/p>\n<p><A href=\"https:\/\/glaubensstimme.de\/doku.php?id=autoren:t:tholuck:tholuck_am_zweiten_weihnachtsfeiertag\">Tholuck, August &#8211; Am zweiten Weihnachtsfeiertag.<\/A><\/p>\n<p><strong>Bonitatius<\/strong><\/p>\n<p><A href=\"https:\/\/glaubensstimme.de\/doku.php?id=autoren:b:bonifatius:bonifatius_-_brief_an_die_aebtissin_buggan_-_i\">Der \u00c4btissin Buggan sagt Bonifatius oder Winfried, Knecht der Knechte Gottes, seinen Gru\u00df in Christo.<\/A><br \/>\n<A href=\"https:\/\/glaubensstimme.de\/doku.php?id=autoren:b:bonifatius:bonifatius_-_brief_an_die_aebtissin_buggan_-_ii\">Bonifatius an die \u00c4btissin Buggan.<\/A><br \/>\n<A href=\"https:\/\/glaubensstimme.de\/doku.php?id=autoren:b:bonifatius:bonifatius_-_allgemeines_ausschreiben\">Allgemeines Ausschreiben.<\/A><br \/>\n<A href=\"https:\/\/glaubensstimme.de\/doku.php?id=autoren:b:bonifatius:bonifatius_-_brief_an_den_abt_cuthbert\">Bonifatius &#8211; An den Abt Cuthbert.<\/A><br \/>\n<A href=\"https:\/\/glaubensstimme.de\/doku.php?id=autoren:b:bonifatius:bonifatius_-_brief_an_den_erzbischof_eckbert\">Bonifatius &#8211; An den Erzbischof Eckbert.<\/A><br \/>\n<A href=\"https:\/\/glaubensstimme.de\/doku.php?id=autoren:b:bonifatius:bonifatius_-_brief_an_pethelm\">Bonifatius an Pethelm.<\/A><\/p>\n<p><strong>Charles Haddon Spurgeon<\/strong><\/p>\n<p><A href=\"https:\/\/glaubensstimme.de\/doku.php?id=autoren:s:spurgeon:p:spurgeon-predigtentwuerfe:spurgeon-predigtentwuerfe-18\">Spurgeon, Charles Haddon &#8211; Predigt-Entw\u00fcrfe &#8211; 18. Jesum zu Rate ziehen.<\/A><br \/>\n<A href=\"https:\/\/glaubensstimme.de\/doku.php?id=autoren:s:spurgeon:p:spurgeon-predigtentwuerfe:spurgeon-predigtentwuerfe-19\">Spurgeon, Charles Haddon &#8211; Predigt-Entw\u00fcrfe &#8211; 19. Herzens-Verkehr.<\/A><br \/>\n<A href=\"https:\/\/glaubensstimme.de\/doku.php?id=autoren:s:spurgeon:p:spurgeon-predigtentwuerfe:spurgeon-predigtentwuerfe-20\">Spurgeon, Charles Haddon &#8211; Predigt-Entw\u00fcrfe &#8211; 20. Der ohnm\u00e4chtige Elias.<\/A><br \/>\n<A href=\"https:\/\/glaubensstimme.de\/doku.php?id=autoren:s:spurgeon:p:spurgeon-predigtentwuerfe:spurgeon-predigtentwuerfe-21\">Spurgeon, Charles Haddon &#8211; Predigt-Entw\u00fcrfe &#8211; 21. Eine nichtige Entschuldigung.<\/A><\/p>\n<p><strong>Eduard G\u00fcder<\/strong><\/p>\n<p><A href=\"https:\/\/glaubensstimme.de\/doku.php?id=autoren:g:gueder_eduard:gueder-jesus_im_tempel\">G\u00fcder, Eduard &#8211; Die Darstellung Jesu im Tempel.<\/A><\/p>\n<p><strong>Elias Schrenk<\/strong><\/p>\n<p><A href=\"https:\/\/glaubensstimme.de\/doku.php?id=autoren:s:schrenk:schrenk-andachten:start\">Schrenk, Elias &#8211; Andachten erweitert<\/A><\/p>\n<p><strong>Ferdinand Piper<\/strong><\/p>\n<p><A href=\"https:\/\/glaubensstimme.de\/doku.php?id=autoren:p:piper:piper-christus_der_gute_hirte\">Piper, Ferdinand &#8211; Christus der gute Hirte.<\/A><\/p>\n<p><strong>Friedrich Ahlfeld<\/strong><\/p>\n<p><A href=\"https:\/\/glaubensstimme.de\/doku.php?id=autoren:a:ahlfeld_friedrich:andachten:start\">Ahlfeld, Friedrich &#8211; Andachten erweitert<\/A><\/p>\n<p><strong>Friedrich Heinrich Ranke<\/strong><\/p>\n<p><A href=\"https:\/\/glaubensstimme.de\/doku.php?id=autoren:r:ranke:ranke-abendmahl\">Ranke, Friedrich Heinrich &#8211; Die Einsetzung des heiligen Abendmahls.<\/A><\/p>\n<p><strong>Gotthard Victor Lechler<\/strong><\/p>\n<p><A href=\"https:\/\/glaubensstimme.de\/doku.php?id=autoren:l:lechler:lechler_-_die_hochzeit_zu_kana\">Lechler, Gotthard Victor Jesu erstes Wunder zu Kana und seine Wundert\u00e4tigkeit \u00fcberhaupt.<\/A><\/p>\n<p><strong>Heinrich Eduard Schmieder<\/strong><\/p>\n<p><A href=\"https:\/\/glaubensstimme.de\/doku.php?id=autoren:s:schmieder:schmieder-der_einzug_jesu_in_jerusalem\">Schmieder, Heinrich Eduard &#8211; Der Einzug Jesu in Jerusalem.<\/A><\/p>\n<p><strong>Henriette Freiin von Seckendorff-Gutend<\/strong><\/p>\n<p><A href=\"https:\/\/glaubensstimme.de\/doku.php?id=autoren:s:seckendorff:seckendorff-hausandachten:seckendorff_hausandachten_31_andacht\">Seckendorff-Gutend, Henriette Freiin von &#8211; Hausandachten &#8211; 31. Andacht.<\/A><\/p>\n<p><strong>Johann Franck<\/strong><\/p>\n<p><A href=\"https:\/\/alte-lieder.de\/category\/franck-johann\/\">Franck, Johann &#8211; Alte Lieder erweitert<\/A><\/p>\n<p><strong>Johannes Tauler<\/strong><\/p>\n<p><A href=\"https:\/\/glaubensstimme.de\/doku.php?id=autoren:t:tauler:medulla_animae:tauler-medulla_animae_-_kapitel_8\">Tauler, Johannes &#8211; Medulla Animae &#8211; Achtes Kapitel. Von dem Gebrauch der Gaben Gottes, und wie die entzogene Gnade wieder zu erlangen sei.<\/A><\/p>\n<p><strong>K. Koch<\/strong><\/p>\n<p><A href=\"https:\/\/glaubensstimme.de\/doku.php?id=autoren:u:unbekannt_sonstige:koch_k_ararat\">Koch, K. &#8211; Der Ararat und die Sintflut.<\/A><\/p>\n<p><strong>Karl Ferdinand Ranke<\/strong><\/p>\n<p><A href=\"https:\/\/glaubensstimme.de\/doku.php?id=autoren:r:ranke_kf:ranke_kf-jakobus\">Ranke, Karl Ferdinand &#8211; Jakobus der \u00c4ltere.<\/A><\/p>\n<p><strong>Karl von Gerok<\/strong><\/p>\n<p><A href=\"https:\/\/glaubensstimme.de\/doku.php?id=autoren:g:gerok_k:gerok_der_heimat_zu:gerok_der_heimat_zu_9_nach_trinitatis\">Gerok, Karl &#8211; Der Heimat zu &#8211; 9. Trinitatis.<\/A><br \/>\n<A href=\"https:\/\/glaubensstimme.de\/doku.php?id=autoren:g:gerok_k:gerok_der_heimat_zu:gerok_der_heimat_zu_10_nach_trinitatis\">Gerok, Karl &#8211; Der Heimat zu &#8211; 10. Trinitatis.<\/A><\/p>\n<p><strong>Nikolaus Fries<\/strong><\/p>\n<p><A href=\"https:\/\/glaubensstimme.de\/doku.php?id=autoren:f:fries_nikolaus:fries_nikolaus_andachten\">Fries, Nikolaus &#8211; Andachten erweitert<\/A><\/p>\n<p><strong>Nikolaus von Zinzendorf<\/strong><\/p>\n<p><A href=\"https:\/\/zitate.glaubensstimme.de\/category\/zinzendorf-nikolaus-von\/\">Zinzendorf, Nikolaus von &#8211; Zitate erweitert<\/A><\/p>\n<p><strong>Rudolf K\u00f6gel<\/strong><\/p>\n<p><A href=\"https:\/\/glaubensstimme.de\/doku.php?id=autoren:k:koegel:koegel_gethsemane\">K\u00f6gel, Rudolf &#8211; Der Kampf Jesu in Gethsemane.<\/A><\/p>\n<p><strong>Samuel Zeller<\/strong><\/p>\n<p><A href=\"https:\/\/glaubensstimme.de\/doku.php?id=autoren:z:zeller_samuel:zeller_hausandachten:zeller_hausandachten_iv\">Zeller, Samuel \u2013 Haus-Andachten &#8211; IV.<\/A><\/p>\n","protected":false},"excerpt":{"rendered":"<p>Und wieder biete ich Euch eine Reihe neuer Beitr\u00e4ge zu unterschiedlichen Themen in der Hoffnung, f\u00fcr Euch sei etwas dabei: Adolf Clemen Clemen, Adolf &#8211; Andachten erweitert August Tholuck Tholuck, August &#8211; Am zweiten Weihnachtsfeiertag. Bonitatius Der \u00c4btissin Buggan sagt Bonifatius oder Winfried, Knecht der Knechte Gottes, seinen Gru\u00df in Christo. Bonifatius an die \u00c4btissin [&hellip;]<\/p>\n","protected":false},"author":1,"featured_media":2024,"comment_status":"closed","ping_status":"closed","sticky":false,"template":"","format":"standard","meta":{"footnotes":""},"categories":[897,1523,1477,1119,1460,1231,1393,1529,1250,1528,1526,1527,1530,1242,1417,1308,1067,379,385,1516,1122],"tags":[986,446,469,1532,516,1019,1531,607,1255],"class_list":["post-2241","post","type-post","status-publish","format-standard","has-post-thumbnail","hentry","category-ahlfeld-friedrich","category-bonifatius","category-clemen-adolf","category-frank-johann","category-fries-nikolaus","category-gerok-karl-von","category-gueder-eduard","category-koch-k","category-koegel-rudolf","category-lechler-gotthard-victor","category-piper-ferdinand","category-ranke-friedrich-heinrich","category-ranke-karl-ferdinand","category-schmieder-heinrich-eduard","category-schrenk-elias","category-seckendorff-gutend-henriette-freiin-von","category-spurgeon-charles-haddon","category-tauler-johannes","category-tholuck-august","category-zeller-samuel","category-zinzendorf-nikolaus-von","tag-abendmahl","tag-andachten","tag-briefe","tag-hochzeit-zu-kana","tag-jesus","tag-lieder","tag-sintflut","tag-weihnachten","tag-zitate"],"_links":{"self":[{"href":"https:\/\/gottes-kinder.de\/blog\/wp-json\/wp\/v2\/posts\/2241"}],"collection":[{"href":"https:\/\/gottes-kinder.de\/blog\/wp-json\/wp\/v2\/posts"}],"about":[{"href":"https:\/\/gottes-kinder.de\/blog\/wp-json\/wp\/v2\/types\/post"}],"author":[{"embeddable":true,"href":"https:\/\/gottes-kinder.de\/blog\/wp-json\/wp\/v2\/users\/1"}],"replies":[{"embeddable":true,"href":"https:\/\/gottes-kinder.de\/blog\/wp-json\/wp\/v2\/comments?post=2241"}],"version-history":[{"count":1,"href":"https:\/\/gottes-kinder.de\/blog\/wp-json\/wp\/v2\/posts\/2241\/revisions"}],"predecessor-version":[{"id":2242,"href":"https:\/\/gottes-kinder.de\/blog\/wp-json\/wp\/v2\/posts\/2241\/revisions\/2242"}],"wp:featuredmedia":[{"embeddable":true,"href":"https:\/\/gottes-kinder.de\/blog\/wp-json\/wp\/v2\/media\/2024"}],"wp:attachment":[{"href":"https:\/\/gottes-kinder.de\/blog\/wp-json\/wp\/v2\/media?parent=2241"}],"wp:term":[{"taxonomy":"category","embeddable":true,"href":"https:\/\/gottes-kinder.de\/blog\/wp-json\/wp\/v2\/categories?post=2241"},{"taxonomy":"post_tag","embeddable":true,"href":"https:\/\/gottes-kinder.de\/blog\/wp-json\/wp\/v2\/tags?post=2241"}],"curies":[{"name":"wp","href":"https:\/\/api.w.org\/{rel}","templated":true}]}}